{"id":6052,"date":"2021-10-05T16:40:29","date_gmt":"2021-10-05T16:40:29","guid":{"rendered":"https:\/\/quechuatinkuy.coerll.utexas.edu\/?p=6052"},"modified":"2025-03-28T16:46:57","modified_gmt":"2025-03-28T16:46:57","slug":"yachana-6","status":"publish","type":"post","link":"https:\/\/quechuatinkuy.coerll.utexas.edu\/es\/yachana-6\/","title":{"rendered":"Yachana 06"},"content":{"rendered":"\n<div class=\"wp-block-group has-global-padding is-layout-constrained wp-block-group-is-layout-constrained\">\n<div class=\"wp-block-group is-style-default is-nowrap is-layout-flex wp-container-core-group-is-layout-a5ad78dc wp-block-group-is-layout-flex\" style=\"border-top-style:none;border-top-width:0px;border-right-style:none;border-right-width:0px;border-bottom-color:var(--wp--preset--color--contrast);border-left-style:none;border-left-width:0px;padding-top:var(--wp--preset--spacing--20);padding-right:var(--wp--preset--spacing--20);padding-bottom:var(--wp--preset--spacing--20);padding-left:var(--wp--preset--spacing--20)\">\n<figure class=\"wp-block-image size-full\"><img loading=\"lazy\" decoding=\"async\" width=\"46\" height=\"46\" src=\"https:\/\/quechuatinkuy.coerll.utexas.edu\/wp-content\/uploads\/accordion_introduction.png\" alt=\"\" class=\"wp-image-7347\" srcset=\"https:\/\/quechuatinkuy.coerll.utexas.edu\/wp-content\/uploads\/accordion_introduction.png 46w, https:\/\/quechuatinkuy.coerll.utexas.edu\/wp-content\/uploads\/accordion_introduction-12x12.png 12w\" sizes=\"auto, (max-width: 46px) 100vw, 46px\" \/><\/figure>\n\n\n\n<h2 class=\"wp-block-heading is-style-default\" id=\"intro\">Qallarinapaq | Introducci\u00f3n<\/h2>\n<\/div>\n\n\n\n<div class=\"wp-block-group has-global-padding is-layout-constrained wp-block-group-is-layout-constrained\">\n<p>En esta unidad aprenderemos los d\u00edas de la semana en Quechua. La connotaci\u00f3n de estos nombres est\u00e1 relacionada con la cosmovisi\u00f3n Incaica, notar\u00e1s que cada d\u00eda de la semana representan a algunos astros del universo y principales deidades de la cultura Incaica, tales como: el sol (Inti), la luna (Killa), las estrellas (Ch\u2019aska).<\/p>\n\n\n\n<p>\u00bfListo?<\/p>\n\n\n\n<p>\u00a1Qallarisun! \/ \u00a1Empecemos!<\/p>\n<\/div>\n<\/div>\n\n\n\n<div class=\"wp-block-group has-global-padding is-layout-constrained wp-block-group-is-layout-constrained\">\n<div class=\"wp-block-group is-style-default is-nowrap is-layout-flex wp-container-core-group-is-layout-a5ad78dc wp-block-group-is-layout-flex\" style=\"border-top-style:none;border-top-width:0px;border-right-style:none;border-right-width:0px;border-bottom-color:var(--wp--preset--color--contrast);border-left-style:none;border-left-width:0px;padding-top:var(--wp--preset--spacing--20);padding-right:var(--wp--preset--spacing--20);padding-bottom:var(--wp--preset--spacing--20);padding-left:var(--wp--preset--spacing--20)\">\n<figure class=\"wp-block-image size-full\"><img loading=\"lazy\" decoding=\"async\" width=\"46\" height=\"46\" src=\"https:\/\/quechuatinkuy.coerll.utexas.edu\/wp-content\/uploads\/accordion_grammar.png\" alt=\"\" class=\"wp-image-7346\" srcset=\"https:\/\/quechuatinkuy.coerll.utexas.edu\/wp-content\/uploads\/accordion_grammar.png 46w, https:\/\/quechuatinkuy.coerll.utexas.edu\/wp-content\/uploads\/accordion_grammar-12x12.png 12w\" sizes=\"auto, (max-width: 46px) 100vw, 46px\" \/><\/figure>\n\n\n\n<h2 class=\"wp-block-heading\" id=\"grammar\">Qillqa | Gram\u00e1tica<\/h2>\n<\/div>\n\n\n\n<div class=\"wp-block-group has-global-padding is-layout-constrained wp-block-group-is-layout-constrained\">\n<p>D\u00edas de la semana en Quechua: Notar\u00e1s que la palabra <strong>p\u2019unchay \u00f3 p\u2019unchaw<\/strong> hace referencia a <strong>d\u00eda<\/strong>.<\/p>\n\n\n\n<figure class=\"wp-block-table is-style-stripes\"><table class=\"has-fixed-layout\"><tbody><tr><td>Domingo<\/td><td>&nbsp;Intichay p\u2019unchay \/ Intichay p\u2019unchaw<\/td><\/tr><tr><td>Lunes<\/td><td>Killachay p\u2019unchay \/ Killachay p\u2019unchaw<\/td><\/tr><tr><td>Martes<\/td><td>Antichay p\u2019unchay \/ Antichay p\u2019unchaw<\/td><\/tr><tr><td>Mi\u00e9rcoles<\/td><td>Quyllurchay p\u2019unchay \/ Quyllurchay p\u2019unchaw<\/td><\/tr><tr><td>Jueves<\/td><td>&nbsp;Illapachay p\u2019unchay \/ Illapachay p\u2019unchaw<\/td><\/tr><tr><td>Viernes<\/td><td>Ch\u2019askachay p\u2019unchay \/ Ch\u2019askachay p\u2019unchaw<\/td><\/tr><tr><td>S\u00e1bado<\/td><td>K\u2019uychichay p\u2019unchay \/ K\u2019uychichay &nbsp;p\u2019unchaw<\/td><\/tr><\/tbody><\/table><\/figure>\n\n\n\n<p>En una breve explicaci\u00f3n cada d\u00eda de la semana tiene la siguiente referencia:<\/p>\n\n\n\n<figure class=\"wp-block-table is-style-stripes\"><table class=\"has-fixed-layout\"><tbody><tr><td>Sol<\/td><td>Inti<\/td><\/tr><tr><td>Luna<\/td><td>Killa<\/td><\/tr><tr><td>\u00c1rea andina<\/td><td>Anti<\/td><\/tr><tr><td>Estrella<\/td><td>Qoyllur<\/td><\/tr><tr><td>Rel\u00e1mpago<\/td><td>Illapa<\/td><\/tr><tr><td>Estrella<\/td><td>Ch\u2019aska<\/td><\/tr><tr><td>Arcoiris<\/td><td>K\u2019uychi<\/td><\/tr><\/tbody><\/table><\/figure>\n\n\n\n<p>Del mismo modo tambi\u00e9n es importante conocer que algunos pueblos Quechuas como es el caso de Puca Puca y Qquehuar -en las regiones de Cusco y Apur\u00edmac cuya variante est\u00e1 siendo aplicada en este material educativo-, la referencia a los d\u00edas de la semana es de la siguiente manera:<\/p>\n\n\n\n<figure class=\"wp-block-table is-style-stripes\"><table class=\"has-fixed-layout\"><tbody><tr><td>Domingo<\/td><td>Dumingu p\u2019unchay \/ Dumingu p\u2019unchaw<\/td><\/tr><tr><td>Lunes<\/td><td>Lunis p\u2019unchay \/ Lunis p\u2019unchaw<\/td><\/tr><tr><td>Martes<\/td><td>Martis p\u2019unchay \/ Martis p\u2019unchaw<\/td><\/tr><tr><td>Mi\u00e9rcoles<\/td><td>Mirculis p\u2019unchay \/ Mirculis p\u2019unchaw<\/td><\/tr><tr><td>Jueves<\/td><td>Juivis p\u2019unchay \/ Juivis p\u2019unchaw<\/td><\/tr><tr><td>Viernes<\/td><td>Virnis p\u2019unchay \/ Virnis p\u2019unchaw<\/td><\/tr><tr><td>S\u00e1bado<\/td><td>Sawado p\u2019unchay \/ Sawado p\u2019unchaw<\/td><\/tr><\/tbody><\/table><\/figure>\n\n\n\n<p>Ahora aprenderemos a usar las principales expresiones que nos ayudar\u00e1n a ubicarnos en un tiempo determinado.<\/p>\n\n\n\n<figure class=\"wp-block-table is-style-stripes\"><table class=\"has-fixed-layout\"><tbody><tr><td>Hoy<\/td><td>Kunan p\u2019unchay \/ Kunan p\u2019unchaw<\/td><\/tr><tr><td>Ma\u00f1ana<\/td><td>Paqarin p\u2019unchay \/ Paqarin p\u2019unchaw<\/td><\/tr><tr><td>D\u00eda despu\u00e9s de ma\u00f1ana<\/td><td>Minchha p\u2019unchay \/ Minsha p\u2019unchaw<\/td><\/tr><tr><td>Ayer<\/td><td>Qayna p\u2019unchay \/ Qayna p\u2019unchaw<\/td><\/tr><tr><td>El d\u00eda antes de ayer<\/td><td>Qayninpa<\/td><\/tr><tr><td>Los d\u00edas antes de ayer<\/td><td>Qayninpakuna<\/td><\/tr><\/tbody><\/table><\/figure>\n\n\n\n<div class=\"wp-block-group is-style-default has-global-padding is-layout-constrained wp-container-core-group-is-layout-68a6995b wp-block-group-is-layout-constrained\" style=\"border-width:1px;margin-top:var(--wp--preset--spacing--40);margin-bottom:var(--wp--preset--spacing--40);padding-top:var(--wp--preset--spacing--40);padding-right:var(--wp--preset--spacing--40);padding-bottom:var(--wp--preset--spacing--40);padding-left:var(--wp--preset--spacing--40)\">\n<h3 class=\"wp-block-heading has-text-align-center\"><strong>Days &#8211; P&#8217;unchawkuna<\/strong><\/h3>\n\n\n\n<div class=\"wp-block-group is-content-justification-center is-layout-flex wp-container-core-group-is-layout-b02886af wp-block-group-is-layout-flex\">\n<figure class=\"wp-block-image alignleft is-resized wp-image-6976 tw-caption-large\"><img loading=\"lazy\" decoding=\"async\" width=\"259\" height=\"300\" src=\"https:\/\/quechuatinkuy.coerll.utexas.edu\/wp-content\/uploads\/inti-259x300.jpg\" alt=\"\" class=\"wp-image-6976\" style=\"width:150px\" srcset=\"https:\/\/quechuatinkuy.coerll.utexas.edu\/wp-content\/uploads\/inti-259x300.jpg 259w, https:\/\/quechuatinkuy.coerll.utexas.edu\/wp-content\/uploads\/inti.jpg 400w\" sizes=\"auto, (max-width: 259px) 100vw, 259px\" \/><figcaption class=\"wp-element-caption\">INTI<\/figcaption><\/figure>\n\n\n\n<figure class=\"wp-block-image alignleft is-resized wp-image-6976 tw-caption-large\"><img loading=\"lazy\" decoding=\"async\" width=\"260\" height=\"300\" src=\"https:\/\/quechuatinkuy.coerll.utexas.edu\/wp-content\/uploads\/killa-260x300.jpg\" alt=\"\" class=\"wp-image-6975\" style=\"width:150px\" srcset=\"https:\/\/quechuatinkuy.coerll.utexas.edu\/wp-content\/uploads\/killa-260x300.jpg 260w, https:\/\/quechuatinkuy.coerll.utexas.edu\/wp-content\/uploads\/killa.jpg 400w\" sizes=\"auto, (max-width: 260px) 100vw, 260px\" \/><figcaption class=\"wp-element-caption\">KILLA<\/figcaption><\/figure>\n\n\n\n<figure class=\"wp-block-image alignleft is-resized wp-image-6979 tw-caption-large\"><img loading=\"lazy\" decoding=\"async\" width=\"261\" height=\"300\" src=\"https:\/\/quechuatinkuy.coerll.utexas.edu\/wp-content\/uploads\/anti-261x300.jpg\" alt=\"\" class=\"wp-image-6979\" style=\"width:150px\" srcset=\"https:\/\/quechuatinkuy.coerll.utexas.edu\/wp-content\/uploads\/anti-261x300.jpg 261w, https:\/\/quechuatinkuy.coerll.utexas.edu\/wp-content\/uploads\/anti.jpg 400w\" sizes=\"auto, (max-width: 261px) 100vw, 261px\" \/><figcaption class=\"wp-element-caption\">ANTI<\/figcaption><\/figure>\n\n\n\n<figure class=\"wp-block-image alignleft is-resized wp-image-6973 tw-caption-large\"><img loading=\"lazy\" decoding=\"async\" width=\"261\" height=\"300\" src=\"https:\/\/quechuatinkuy.coerll.utexas.edu\/wp-content\/uploads\/qoyllur-261x300.jpg\" alt=\"\" class=\"wp-image-6973\" style=\"width:150px\" srcset=\"https:\/\/quechuatinkuy.coerll.utexas.edu\/wp-content\/uploads\/qoyllur-261x300.jpg 261w, https:\/\/quechuatinkuy.coerll.utexas.edu\/wp-content\/uploads\/qoyllur.jpg 400w\" sizes=\"auto, (max-width: 261px) 100vw, 261px\" \/><figcaption class=\"wp-element-caption\">QOYLLUR<\/figcaption><\/figure>\n\n\n\n<figure class=\"wp-block-image alignleft is-resized wp-image-6977 tw-caption-large\"><img loading=\"lazy\" decoding=\"async\" width=\"260\" height=\"300\" src=\"https:\/\/quechuatinkuy.coerll.utexas.edu\/wp-content\/uploads\/illapa-260x300.jpg\" alt=\"\" class=\"wp-image-6977\" style=\"width:150px\" srcset=\"https:\/\/quechuatinkuy.coerll.utexas.edu\/wp-content\/uploads\/illapa-260x300.jpg 260w, https:\/\/quechuatinkuy.coerll.utexas.edu\/wp-content\/uploads\/illapa.jpg 400w\" sizes=\"auto, (max-width: 260px) 100vw, 260px\" \/><figcaption class=\"wp-element-caption\">ILLAPA<\/figcaption><\/figure>\n\n\n\n<figure class=\"wp-block-image alignleft is-resized wp-image-6978 tw-caption-large\"><img loading=\"lazy\" decoding=\"async\" width=\"259\" height=\"300\" src=\"https:\/\/quechuatinkuy.coerll.utexas.edu\/wp-content\/uploads\/chaska-259x300.jpg\" alt=\"\" class=\"wp-image-6978\" style=\"width:150px\" srcset=\"https:\/\/quechuatinkuy.coerll.utexas.edu\/wp-content\/uploads\/chaska-259x300.jpg 259w, https:\/\/quechuatinkuy.coerll.utexas.edu\/wp-content\/uploads\/chaska.jpg 400w\" sizes=\"auto, (max-width: 259px) 100vw, 259px\" \/><figcaption class=\"wp-element-caption\">CH&#8217;ASKA<\/figcaption><\/figure>\n\n\n\n<figure class=\"wp-block-image alignleft is-resized wp-image-6974 tw-caption-large\"><img loading=\"lazy\" decoding=\"async\" width=\"261\" height=\"300\" src=\"https:\/\/quechuatinkuy.coerll.utexas.edu\/wp-content\/uploads\/kuychi-261x300.jpg\" alt=\"\" class=\"wp-image-6974\" style=\"width:150px\" srcset=\"https:\/\/quechuatinkuy.coerll.utexas.edu\/wp-content\/uploads\/kuychi-261x300.jpg 261w, https:\/\/quechuatinkuy.coerll.utexas.edu\/wp-content\/uploads\/kuychi.jpg 400w\" sizes=\"auto, (max-width: 261px) 100vw, 261px\" \/><figcaption class=\"wp-element-caption\">K&#8217;UYCHI<\/figcaption><\/figure>\n<\/div>\n<\/div>\n\n\n\n<h3 class=\"wp-block-heading\"><strong>Meses del a\u00f1o en Quechua:<\/strong><\/h3>\n\n\n\n<figure class=\"wp-block-table is-style-stripes\"><table class=\"has-fixed-layout\"><tbody><tr><td>Enero<\/td><td>Kamay Raymi Killa \/ Qhulla\/Qulla Puquy Killa<\/td><\/tr><tr><td>Febrero<\/td><td>Hatun Poqoy Killa<\/td><\/tr><tr><td>Marzo<\/td><td>Pawqar Waray Killa<\/td><\/tr><tr><td>Abril<\/td><td>Ayriwa Killa \/ Ayriwa Killa<\/td><\/tr><tr><td>Mayo<\/td><td>Aymuray Killa<\/td><\/tr><tr><td>Junio<\/td><td>Inti Raymi Killa<\/td><\/tr><tr><td>Julio<\/td><td>Anta Situwa Killa<\/td><\/tr><tr><td>Agosto<\/td><td>Qhapaq Situwa Killa<\/td><\/tr><tr><td>Septiembre<\/td><td>Unu Raymi Killa<\/td><\/tr><tr><td>Octubre<\/td><td>Qoya Raymi Killa \/ Quya Raymi Killa<\/td><\/tr><tr><td>Noviembre<\/td><td>Aya Marq\u2019ay Killa \/ Ayamarka Killa<\/td><\/tr><tr><td>Diciembre<\/td><td>Qhapaq Raymi Killa<\/td><\/tr><\/tbody><\/table><\/figure>\n\n\n\n<p>Al igual que en los d\u00edas de la semana la mayor\u00eda de pobladores de la variante Quechua Cusco-Collao, suelen referirse de otra manera cuando se refieren a meses del a\u00f1o en sus conversaciones diarias:<\/p>\n\n\n\n<figure class=\"wp-block-table is-style-stripes\"><table class=\"has-fixed-layout\"><tbody><tr><td>Enero<\/td><td>Iniru<\/td><\/tr><tr><td>Febrero<\/td><td>Fibriru<\/td><\/tr><tr><td>Marzo<\/td><td>Marsu<\/td><\/tr><tr><td>Abril<\/td><td>Awril<\/td><\/tr><tr><td>Mayo<\/td><td>Mayu<\/td><\/tr><tr><td>Junio<\/td><td>Huniyu<\/td><\/tr><tr><td>Julio<\/td><td>Hulyu<\/td><\/tr><tr><td>Agosto<\/td><td>Agustu<\/td><\/tr><tr><td>Septiembre<\/td><td>Sitimri<\/td><\/tr><tr><td>Octubre<\/td><td>Uctubri<\/td><\/tr><tr><td>Noviembre<\/td><td>Nubimri<\/td><\/tr><tr><td>Diciembre<\/td><td>Disimri<\/td><\/tr><\/tbody><\/table><\/figure>\n\n\n\n<p>A continuaci\u00f3n, algunas oraciones con ejemplos de actividades principales durante el a\u00f1o, te invitamos a leerlas:<\/p>\n\n\n\n<p><strong>Nota:<\/strong> En estas oraciones notar\u00e1s que cada mes lleva el sufijo <strong>\u00abpi\u00bb<\/strong> que en este caso hace referencia a temporalidad. Por ejemplo, Kamay Raymi Killa<strong>pi <\/strong>que indica \u00aben enero\u00bb o \u00abde enero\u00bb.<\/p>\n\n\n\n<ol class=\"wp-block-list\">\n<li>Sapa Kamay Raymi Killa<strong>pi<\/strong> wata hunt\u2019ayniyta Yuyarini.<br>Cada mes de enero recuerdo mi cumplea\u00f1os.<\/li>\n\n\n\n<li>Hatun Poqoy Killa<strong>pi<\/strong> carnavalta takini, tusuni ima.<br>En febrero canto y bailo en los carnavales.<\/li>\n\n\n\n<li>Pawqar Waray Killa<strong>pi<\/strong> qallarini llank\u2019ayta. Wawakunatan qallarini yachachiyta.<br>En marzo comienzo a trabajar. Empiezo a ense\u00f1ar a las ni\u00f1as y ni\u00f1os.<\/li>\n\n\n\n<li>Ayriway Killa<strong>pi<\/strong> kuraq wayqeypa wata hunt\u2019aynin. Sumaqtan raymichakuyku, wallpata quwita khuchita ima mikhuyku.<br>En abril mi hermano mayor cumplea\u00f1os, festejamos, comemos gallina, cuy y cerdo.<\/li>\n\n\n\n<li>Aymuray Killa<strong>pi<\/strong> qallariyku papa allayta, hinallataq chay killapin ch\u2019u\u00f1uyku morayayku ima.<br>En mayo comenzamos a escarbar las papas, asimismo, ese mes hacemos el chu\u00f1o y la moraya.<\/li>\n\n\n\n<li>Inti Raymi Killa<strong>pi<\/strong> chakrapi llank\u2019aq runapa p\u2019unchayninta yuyariyku. Raymichakuyku aylluypi.<br>En junio recordamos el D\u00eda del Campesino y hacemos fiesta en mi comunidad.<\/li>\n\n\n\n<li>Anta Situwa Killa<strong>pi<\/strong> yuyariyku Peru suyuq hatun p\u2019unchayninta.<br>En julio recordamos el D\u00eda de la Independencia del Per\u00fa.<\/li>\n\n\n\n<li>Qhapaq Situwa Killa<strong>pi<\/strong> qallariyku mishka tarpuyta. Sarata frejoltawan tarpuyku ayllumasiykunawan ayninakuspa.<br>En agosto comenzamos a sembrar ma\u00edz y frejol ayud\u00e1nnos entre nosotros mediante el Ayni.<\/li>\n\n\n\n<li>Unu Raymi Killa<strong>pi<\/strong> yuyariyku wayna sipaskunapa p\u2019unchayninta.<br>En septiembre recordamos el D\u00eda de la Juventud.<\/li>\n\n\n\n<li>Qoya Raymi Killa<strong>pi<\/strong> sara qallmayta qallariyku.<br>En octubre comenzamos a aporcar el ma\u00edz.<\/li>\n\n\n\n<li>Aya Marq\u2019ay Killa<strong>pi<\/strong> watukuyku wa\u00f1ukuq ayllumasiykunata.<br>En noviembre visitamos a nuestros parientes que fallecieron.<\/li>\n\n\n\n<li>Tukunapaqtaq Qhapaq Raymi Killapi Nawidadta hinallataq Mosoq Watata yuyariyku, tukuy imata wayk\u2019uspa raymichakuyku.<br>Para terminar en diciembre recordamos navidad y a\u00f1o nuevo. Por esa fecha cocinamos muchas cosas.<\/li>\n<\/ol>\n<\/div>\n<\/div>\n\n\n\n<div class=\"wp-block-group has-global-padding is-layout-constrained wp-block-group-is-layout-constrained\">\n<div class=\"wp-block-group is-style-default is-nowrap is-layout-flex wp-container-core-group-is-layout-a5ad78dc wp-block-group-is-layout-flex\" style=\"border-top-style:none;border-top-width:0px;border-right-style:none;border-right-width:0px;border-bottom-color:var(--wp--preset--color--contrast);border-left-style:none;border-left-width:0px;padding-top:var(--wp--preset--spacing--20);padding-right:var(--wp--preset--spacing--20);padding-bottom:var(--wp--preset--spacing--20);padding-left:var(--wp--preset--spacing--20)\">\n<figure class=\"wp-block-image size-full\"><img loading=\"lazy\" decoding=\"async\" width=\"46\" height=\"46\" src=\"https:\/\/quechuatinkuy.coerll.utexas.edu\/wp-content\/uploads\/accordion_vocabulary.png\" alt=\"\" class=\"wp-image-7349\" srcset=\"https:\/\/quechuatinkuy.coerll.utexas.edu\/wp-content\/uploads\/accordion_vocabulary.png 46w, https:\/\/quechuatinkuy.coerll.utexas.edu\/wp-content\/uploads\/accordion_vocabulary-12x12.png 12w\" sizes=\"auto, (max-width: 46px) 100vw, 46px\" \/><\/figure>\n\n\n\n<h2 class=\"wp-block-heading\" id=\"vocabulary\">Rimanakuna | Vocabulario<\/h2>\n<\/div>\n\n\n\n<div class=\"wp-block-group has-global-padding is-layout-constrained wp-block-group-is-layout-constrained\">\n<figure class=\"wp-block-table is-style-stripes\"><table class=\"has-fixed-layout\"><tbody><tr><td>P\u2019unchay \/ P\u2019unchaw<\/td><td>d\u00eda<\/td><\/tr><tr><td>Kunan p\u2019unchay \/ Kunan p\u2019unchaw<\/td><td>hoy d\u00eda<\/td><\/tr><tr><td>Paqarin p\u2019unchay \/ Paqarin p\u2019unchaw<\/td><td>ma\u00f1ana<\/td><\/tr><tr><td>Killa<\/td><td>mes<\/td><\/tr><tr><td>Sapa<\/td><td>cada<\/td><\/tr><tr><td>Sapa p\u2019unchaw<\/td><td>cada d\u00eda<\/td><\/tr><tr><td>Sapa killa<\/td><td>cada mes<\/td><\/tr><tr><td>Wata<\/td><td>a\u00f1o<\/td><\/tr><tr><td>Kuti<\/td><td>vez<\/td><\/tr><tr><td>Sapa kuti<\/td><td>cada vez<\/td><\/tr><\/tbody><\/table><\/figure>\n<\/div>\n<\/div>\n\n\n\n<div class=\"wp-block-group has-global-padding is-layout-constrained wp-block-group-is-layout-constrained\">\n<div class=\"wp-block-group is-style-default is-nowrap is-layout-flex wp-container-core-group-is-layout-a5ad78dc wp-block-group-is-layout-flex\" style=\"border-top-style:none;border-top-width:0px;border-right-style:none;border-right-width:0px;border-bottom-color:var(--wp--preset--color--contrast);border-left-style:none;border-left-width:0px;padding-top:var(--wp--preset--spacing--20);padding-right:var(--wp--preset--spacing--20);padding-bottom:var(--wp--preset--spacing--20);padding-left:var(--wp--preset--spacing--20)\">\n<figure class=\"wp-block-image size-full\"><img loading=\"lazy\" decoding=\"async\" width=\"46\" height=\"46\" src=\"https:\/\/quechuatinkuy.coerll.utexas.edu\/wp-content\/uploads\/accordion_exercises.png\" alt=\"\" class=\"wp-image-7345\" srcset=\"https:\/\/quechuatinkuy.coerll.utexas.edu\/wp-content\/uploads\/accordion_exercises.png 46w, https:\/\/quechuatinkuy.coerll.utexas.edu\/wp-content\/uploads\/accordion_exercises-12x12.png 12w\" sizes=\"auto, (max-width: 46px) 100vw, 46px\" \/><\/figure>\n\n\n\n<h2 class=\"wp-block-heading\" id=\"exercises\">Ruwapakuy | Ejercicios<\/h2>\n<\/div>\n\n\n\n<div class=\"wp-block-group has-global-padding is-layout-constrained wp-block-group-is-layout-constrained\">\n<p>Ahora pon en pr\u00e1ctica lo que aprendiste en esta Unidad, para ello te invitamos a tomar nota de los d\u00edas de la semana y meses del a\u00f1o en tu cuaderno de trabajo y llenar los espacios vac\u00edos (_________) con los d\u00edas de la semana o meses del a\u00f1o en Quechua.<\/p>\n\n\n\n<p>Veamos estos ejemplos:<\/p>\n\n\n\n<ol class=\"wp-block-list\">\n<li>\u00bfQu\u00e9 d\u00eda es anterior al martes?: Killachay p\u2019unchay \/ Lunis p\u2019unchay (ambas opciones son v\u00e1lidas).<\/li>\n\n\n\n<li>\u00bfEn qu\u00e9 mes se recuerda la navidad?: Qhapaq Raymi Killa \/ Disimri (ambas opciones son v\u00e1lidas).<\/li>\n<\/ol>\n\n\n\n<p>\u00bfListo? Ahora intenta t\u00fa.<\/p>\n\n\n\n<h3 class=\"wp-block-heading\"><strong>Ejercicios d\u00edas de la semana:<\/strong><\/h3>\n\n\n\n<ol class=\"wp-block-list\">\n<li>\u00bfQu\u00e9 d\u00eda es despu\u00e9s del mi\u00e9rcoles?: _________________<\/li>\n\n\n\n<li>\u00bfQu\u00e9 d\u00eda es anterior al s\u00e1bado?: _________________<\/li>\n\n\n\n<li>\u00bfQu\u00e9 d\u00eda es dos d\u00edas despu\u00e9s al viernes?: _________________<\/li>\n\n\n\n<li>\u00bfQu\u00e9 d\u00eda es despu\u00e9s del martes?: _________________<\/li>\n\n\n\n<li>\u00bfQu\u00e9 d\u00eda es anterior al lunes?: _________________<\/li>\n\n\n\n<li>\u00bfQu\u00e9 d\u00eda es dos d\u00edas despu\u00e9s al mi\u00e9rcoles?: _________________<\/li>\n\n\n\n<li>\u00bfQu\u00e9 d\u00eda es anterior al mi\u00e9rcoles?: _________________<\/li>\n<\/ol>\n\n\n\n<p><\/p>\n\n\n\n<details class=\"wp-block-details is-layout-flow wp-block-details-is-layout-flow\"><summary><em><strong>Respuestas ejercicios d\u00edas de la semana<\/strong><\/em><\/summary>\n<ol class=\"wp-block-list\">\n<li>\u00bfQu\u00e9 d\u00eda es despu\u00e9s del mi\u00e9rcoles?: Illapachay p\u2019unchay, Illapachay p\u2019unchaw \/ Juivis p\u2019unchay, Juivis p\u2019unchaw <em>(jueves).<\/em><\/li>\n\n\n\n<li>\u00bfQu\u00e9 d\u00eda es anterior al s\u00e1bado?: Ch\u2019askachay p\u2019unchay, Ch\u2019askachay p\u2019unchaw \/ Virnis p\u2019unchay, Virnis p\u2019unchaw <em>(viernes).<\/em><\/li>\n\n\n\n<li>\u00bfQu\u00e9 d\u00eda es dos d\u00edas despu\u00e9s al viernes?: Killachay p\u2019unchay, Killachay p\u2019unchaw \/ Lunis p\u2019unchay, Lunis p\u2019unchaw <em>(lunes).<\/em><\/li>\n\n\n\n<li>\u00bfQu\u00e9 d\u00eda es despu\u00e9s del martes?: Quyllurchay p\u2019unchay, Quyllurchay p\u2019unchaw \/ Mirculis p\u2019unchay, Mirculis p\u2019unchaw <em>(mi\u00e9rcoles).<\/em><\/li>\n\n\n\n<li>\u00bfQu\u00e9 d\u00eda es anterior al lunes?: Intichay p\u2019unchay, Intichay p\u2019unchaw \/ Dumingu p\u2019unchay, Dumingu p\u2019unchaw <em>(domingo).<\/em><\/li>\n\n\n\n<li>\u00bfQu\u00e9 d\u00eda es dos d\u00edas despu\u00e9s al mi\u00e9rcoles?: K\u2019uychichay p\u2019unchay, K\u2019uychichay p\u2019unchaw \/ Sawado p\u2019unchay, Sawado p\u2019unchaw <em>(s\u00e1bado)<\/em>.<\/li>\n\n\n\n<li>\u00bfQu\u00e9 d\u00eda es anterior al mi\u00e9rcoles?: Antichay p\u2019unchay, Antichay p\u2019unchaw \/ Martis p\u2019unchay, Martis p\u2019unchaw <em>(martes)<\/em>.<\/li>\n<\/ol>\n<\/details>\n\n\n\n<h3 class=\"wp-block-heading\"><strong>Ejercicios meses del a\u00f1o:<\/strong><\/h3>\n\n\n\n<ol class=\"wp-block-list\">\n<li>\u00bfCu\u00e1l es el cuarto mes del a\u00f1o?:<\/li>\n\n\n\n<li>\u00bfCu\u00e1l es el noveno mes del a\u00f1o?:<\/li>\n\n\n\n<li>\u00bfCu\u00e1l es el primer mes del a\u00f1o?:<\/li>\n\n\n\n<li>\u00bfCu\u00e1l es el quinto mes del a\u00f1o?:<\/li>\n\n\n\n<li>\u00bfCu\u00e1l es el octavo mes del a\u00f1o?:<\/li>\n\n\n\n<li>\u00bfCu\u00e1l es el segundo mes del a\u00f1o?:<\/li>\n\n\n\n<li>\u00bfCu\u00e1l es el doceavo mes del a\u00f1o?:<\/li>\n\n\n\n<li>\u00bfCu\u00e1l es el s\u00e9ptimo mes del a\u00f1o?:<\/li>\n\n\n\n<li>\u00bfCu\u00e1l es el d\u00e9cimo mes del a\u00f1o?:<\/li>\n\n\n\n<li>\u00bfCu\u00e1l es el tercer mes del a\u00f1o?:<\/li>\n\n\n\n<li>\u00bfCu\u00e1l es el sexto mes del a\u00f1o?:<\/li>\n\n\n\n<li>\u00bfCu\u00e1l es el onceavo mes del a\u00f1o?:<\/li>\n<\/ol>\n\n\n\n<details class=\"wp-block-details is-layout-flow wp-block-details-is-layout-flow\"><summary><em><strong>Respuestas ejercicios meses del a\u00f1o<\/strong><\/em><\/summary>\n<ol class=\"wp-block-list\">\n<li>\u00bfCu\u00e1l es el cuarto mes del a\u00f1o?: Ayriwa Killa \/ Awril <em>(abril).<\/em><\/li>\n\n\n\n<li>\u00bfCu\u00e1l es el noveno mes del a\u00f1o?: Unu Raymi Killa \/ Sitimri <em>(septiembre).<\/em><\/li>\n\n\n\n<li>\u00bfCu\u00e1l es el primer mes del a\u00f1o?: Kamay Raymi Killa, Qhulla Puquy Killa, Qulla Puquy Killa \/ Iniru <em>(enero).<\/em><\/li>\n\n\n\n<li>\u00bfCu\u00e1l es el quinto mes del a\u00f1o?: Aymuray Killa \/ Mayu <em>(mayo).<\/em><\/li>\n\n\n\n<li>\u00bfCu\u00e1l es el octavo mes del a\u00f1o?: Qhapaq Situwa Killa \/ Agustu <em>(agosto).<\/em><\/li>\n\n\n\n<li>\u00bfCu\u00e1l es el segundo mes del a\u00f1o?: Hatun Poqoy Killa \/ Fibriru <em>(febrero).<\/em><\/li>\n\n\n\n<li>\u00bfCu\u00e1l es el doceavo mes del a\u00f1o?: Qhapaq Raymi Killa \/ Disimri <em>(diciembre).<\/em><\/li>\n\n\n\n<li>\u00bfCu\u00e1l es el s\u00e9ptimo mes del a\u00f1o?: Anta Situwa Killa \/ Hulyu <em>(julio).<\/em><\/li>\n\n\n\n<li>\u00bfCu\u00e1l es el d\u00e9cimo mes del a\u00f1o?: Qoya Raymi Killa, Quya Raymi Killa \/ Uctubri <em>(octubre).<\/em><\/li>\n\n\n\n<li>\u00bfCu\u00e1l es el tercer mes del a\u00f1o?: Pawqar Waray Killa \/ Marsu <em>(marzo).<\/em><\/li>\n\n\n\n<li>\u00bfCu\u00e1l es el sexto mes del a\u00f1o?: Inti Raymi Killa \/ Huniyu <em>(junio).<\/em><\/li>\n\n\n\n<li>\u00bfCu\u00e1l es el onceavo mes del a\u00f1o?: Aya Marq\u2019ay Killa, Ayamarka Killa \/ Nubimri <em>(noviembre).<\/em><\/li>\n<\/ol>\n<\/details>\n<\/div>\n<\/div>\n","protected":false},"excerpt":{"rendered":"<p>Qallarinapaq | Introducci\u00f3n En esta unidad aprenderemos los d\u00edas de la semana en Quechua. La connotaci\u00f3n de estos nombres est\u00e1 relacionada con la cosmovisi\u00f3n Incaica, notar\u00e1s que cada d\u00eda de la semana representan a algunos astros del universo y principales deidades de la cultura Incaica, tales como: el sol (Inti), la luna (Killa), las estrellas [&hellip;]<\/p>\n","protected":false},"author":16,"featured_media":7114,"comment_status":"closed","ping_status":"open","sticky":false,"template":"","format":"standard","meta":{"_acf_changed":false,"footnotes":""},"categories":[1],"tags":[],"class_list":["post-6052","post","type-post","status-publish","format-standard","has-post-thumbnail","hentry","category-uncategorized"],"acf":[],"_links":{"self":[{"href":"https:\/\/quechuatinkuy.coerll.utexas.edu\/es\/wp-json\/wp\/v2\/posts\/6052","targetHints":{"allow":["GET"]}}],"collection":[{"href":"https:\/\/quechuatinkuy.coerll.utexas.edu\/es\/wp-json\/wp\/v2\/posts"}],"about":[{"href":"https:\/\/quechuatinkuy.coerll.utexas.edu\/es\/wp-json\/wp\/v2\/types\/post"}],"author":[{"embeddable":true,"href":"https:\/\/quechuatinkuy.coerll.utexas.edu\/es\/wp-json\/wp\/v2\/users\/16"}],"replies":[{"embeddable":true,"href":"https:\/\/quechuatinkuy.coerll.utexas.edu\/es\/wp-json\/wp\/v2\/comments?post=6052"}],"version-history":[{"count":45,"href":"https:\/\/quechuatinkuy.coerll.utexas.edu\/es\/wp-json\/wp\/v2\/posts\/6052\/revisions"}],"predecessor-version":[{"id":7986,"href":"https:\/\/quechuatinkuy.coerll.utexas.edu\/es\/wp-json\/wp\/v2\/posts\/6052\/revisions\/7986"}],"wp:featuredmedia":[{"embeddable":true,"href":"https:\/\/quechuatinkuy.coerll.utexas.edu\/es\/wp-json\/wp\/v2\/media\/7114"}],"wp:attachment":[{"href":"https:\/\/quechuatinkuy.coerll.utexas.edu\/es\/wp-json\/wp\/v2\/media?parent=6052"}],"wp:term":[{"taxonomy":"category","embeddable":true,"href":"https:\/\/quechuatinkuy.coerll.utexas.edu\/es\/wp-json\/wp\/v2\/categories?post=6052"},{"taxonomy":"post_tag","embeddable":true,"href":"https:\/\/quechuatinkuy.coerll.utexas.edu\/es\/wp-json\/wp\/v2\/tags?post=6052"}],"curies":[{"name":"wp","href":"https:\/\/api.w.org\/{rel}","templated":true}]}}